{"id":88783,"date":"2026-09-02T11:03:40","date_gmt":"2026-09-02T11:03:40","guid":{"rendered":"https:\/\/leitat.org\/blog\/lassemblea-general-dempower-a-vilnius-posa-de-manifest-els-avencos-cap-a-una-industria-fotovoltaica-europea-mes-resilient\/"},"modified":"2026-09-02T11:13:51","modified_gmt":"2026-09-02T11:13:51","slug":"la-asamblea-general-de-empower-en-vilna-destaca-los-avances-hacia-una-industria-fotovoltaica-europea-mas-resiliente","status":"publish","type":"post","link":"https:\/\/leitat.org\/es\/blog\/la-asamblea-general-de-empower-en-vilna-destaca-los-avances-hacia-una-industria-fotovoltaica-europea-mas-resiliente\/","title":{"rendered":"La Asamblea General de EMPOWER en Vilna destaca los avances hacia una industria fotovoltaica europea m\u00e1s resiliente"},"content":{"rendered":"\t\t<div data-elementor-type=\"wp-post\" data-elementor-id=\"88783\" class=\"elementor elementor-88783 elementor-88771\" data-elementor-post-type=\"post\">\n\t\t\t\t<div class=\"elementor-element elementor-element-2eaf70a e-flex e-con-boxed e-con e-parent\" data-id=\"2eaf70a\" data-element_type=\"container\" data-e-type=\"container\">\n\t\t\t\t\t<div class=\"e-con-inner\">\n\t\t\t\t<div class=\"elementor-element elementor-element-0ddc8fa elementor-widget elementor-widget-text-editor\" data-id=\"0ddc8fa\" data-element_type=\"widget\" data-e-type=\"widget\" data-widget_type=\"text-editor.default\">\n\t\t\t\t<div class=\"elementor-widget-container\">\n\t\t\t\t\t\t\t\t\t<div class=\"flex max-w-full flex-col gap-4 grow\"><div class=\"min-h-8 text-message relative flex w-full flex-col items-end gap-2 text-start break-words whitespace-normal outline-none keyboard-focused:focus-ring [.text-message+&amp;]:mt-1\" dir=\"auto\" tabindex=\"0\" data-message-author-role=\"assistant\" data-message-id=\"f2fefa66-586c-41b6-b212-0f46fe02cef0\" data-message-model-slug=\"gpt-5-6-mini\" data-turn-start-message=\"true\"><div class=\"flex w-full flex-col gap-1 empty:hidden\"><div class=\"markdown prose dark:prose-invert wrap-break-word w-full light markdown-new-styling\"><p class=\"PDq2pG_selectionAnchorContainer\" data-start=\"3068\" data-end=\"3394\">Los d\u00edas 27 y 28 de mayo de 2026 tuvo lugar en Vilna, Lituania, la tercera Asamblea General del <strong data-start=\"3164\" data-end=\"3184\">proyecto EMPOWER<\/strong>, que reuni\u00f3 a los socios del consorcio para revisar los avances, definir los pr\u00f3ximos pasos y reforzar una visi\u00f3n compartida para una <strong data-start=\"3319\" data-end=\"3393\">cadena de valor fotovoltaica (PV) europea m\u00e1s competitiva y resiliente<\/strong>.<\/p><p data-start=\"3396\" data-end=\"3727\">En representaci\u00f3n de Leitat, participamos en dos jornadas de debates t\u00e9cnicos, actualizaci\u00f3n del proyecto y planificaci\u00f3n conjunta. Un mensaje qued\u00f3 especialmente claro: aunque el proyecto todav\u00eda no ha alcanzado la mitad de su ejecuci\u00f3n, <strong data-start=\"3635\" data-end=\"3687\">EMPOWER ya est\u00e1 logrando resultados prometedores<\/strong> en diferentes \u00e1mbitos de la innovaci\u00f3n.<\/p><h3 data-section-id=\"1jx7fvn\" data-start=\"3729\" data-end=\"3771\"><br \/>Impulsando la fabricaci\u00f3n fotovoltaica<\/h3><p data-start=\"3773\" data-end=\"4217\">El proyecto est\u00e1 impulsando <strong data-start=\"3801\" data-end=\"3884\">tecnolog\u00edas disruptivas que abarcan todo el proceso de fabricaci\u00f3n fotovoltaica<\/strong>, desde la producci\u00f3n avanzada de obleas de silicio hasta la fabricaci\u00f3n de c\u00e9lulas solares y m\u00f3dulos de alta eficiencia. Estos avances tienen como objetivo reducir los costes de producci\u00f3n, reforzar la resiliencia de la industria solar europea y contribuir a los objetivos de <strong data-start=\"4161\" data-end=\"4216\">independencia energ\u00e9tica y sostenibilidad de Europa<\/strong>.<\/p><p data-start=\"4219\" data-end=\"4638\">La reuni\u00f3n fue acogida por el Applied Research Institute for Prospective Technologies (PROTECH) y Metsolar. Adem\u00e1s de las sesiones de trabajo del consorcio, los participantes tuvieron la oportunidad de <strong data-start=\"4421\" data-end=\"4474\">visitar laboratorios e instalaciones industriales<\/strong>, conociendo de primera mano las tecnolog\u00edas, los conocimientos especializados y las capacidades de fabricaci\u00f3n que se est\u00e1n desarrollando en el marco del proyecto.<\/p><h3 data-section-id=\"ng5kh4\" data-start=\"4640\" data-end=\"4678\"><br \/>Reforzando la colaboraci\u00f3n europea<\/h3><p data-start=\"4680\" data-end=\"5051\">M\u00e1s all\u00e1 de los avances t\u00e9cnicos, la Asamblea General tambi\u00e9n puso de manifiesto la <strong data-start=\"4764\" data-end=\"4804\">fortaleza de la colaboraci\u00f3n europea<\/strong>. La participaci\u00f3n de socios de diferentes pa\u00edses y \u00e1mbitos contin\u00faa siendo uno de los principales activos de EMPOWER, ya que facilita el intercambio de conocimiento, la innovaci\u00f3n y un compromiso compartido para acelerar la transici\u00f3n energ\u00e9tica.<\/p><p data-start=\"5053\" data-end=\"5320\">En LEITAT, valoramos especialmente estas oportunidades para colaborar estrechamente con socios de toda Europa, intercambiar conocimientos y contribuir al desarrollo de <strong data-start=\"5221\" data-end=\"5319\">soluciones innovadoras que ayuden a reforzar el ecosistema europeo de fabricaci\u00f3n fotovoltaica<\/strong>.<\/p><h3 data-section-id=\"1qsjt1s\" data-start=\"5322\" data-end=\"5349\"><br \/>Mirando hacia el futuro<\/h3><p data-start=\"5351\" data-end=\"5711\">Queremos agradecer a PROTECH y Metsolar su excelente organizaci\u00f3n, su hospitalidad y la oportunidad de conocer de cerca sus instalaciones y capacidades. Tambi\u00e9n queremos agradecer a todos los miembros del consorcio que participaron de forma remota su implicaci\u00f3n y sus aportaciones, que contribuyeron al \u00e9xito de la asamblea independientemente de su ubicaci\u00f3n.<\/p><p data-start=\"5713\" data-end=\"5970\">A medida que EMPOWER avanza, Leitat mantiene su compromiso con los esfuerzos del consorcio para impulsar <strong data-start=\"5818\" data-end=\"5871\">las tecnolog\u00edas fotovoltaicas de nueva generaci\u00f3n<\/strong> y contribuir a construir una <strong data-start=\"5901\" data-end=\"5969\">industria solar europea m\u00e1s sostenible, competitiva y resiliente<\/strong>.<\/p><\/div><\/div><\/div><\/div>\t\t\t\t\t\t\t\t<\/div>\n\t\t\t\t<\/div>\n\t\t\t\t\t<\/div>\n\t\t\t\t<\/div>\n\t\t\t\t<\/div>\n\t\t","protected":false},"excerpt":{"rendered":"<p>Los d\u00edas 27 y 28 de mayo de 2026 tuvo lugar en Vilna, Lituania, la tercera Asamblea General del proyecto EMPOWER, que reuni\u00f3 a los socios del consorcio para revisar los avances, definir los pr\u00f3ximos pasos y reforzar una visi\u00f3n compartida para una cadena de valor fotovoltaica (PV) europea m\u00e1s competitiva y resiliente. En representaci\u00f3n [&hellip;]<\/p>\n","protected":false},"author":4,"featured_media":88774,"comment_status":"closed","ping_status":"closed","sticky":false,"template":"","format":"standard","meta":{"inline_featured_image":false,"footnotes":""},"categories":[17,33],"tags":[206],"class_list":["post-88783","post","type-post","status-publish","format-standard","has-post-thumbnail","hentry","category-energy-transition-and-decarbonization","category-horizon-europe","tag-noticias-blog"],"yoast_head":"<!-- This site is optimized with the Yoast SEO plugin v28.1 - https:\/\/yoast.com\/product\/yoast-seo-wordpress\/ -->\n<title>La Asamblea General de EMPOWER en Vilna destaca los avances hacia una industria fotovoltaica europea m\u00e1s resiliente - Leitat Technological Center<\/title>\n<meta name=\"robots\" content=\"index, follow, max-snippet:-1, max-image-preview:large, max-video-preview:-1\" \/>\n<link rel=\"canonical\" href=\"https:\/\/leitat.org\/es\/blog\/la-asamblea-general-de-empower-en-vilna-destaca-los-avances-hacia-una-industria-fotovoltaica-europea-mas-resiliente\/\" \/>\n<meta property=\"og:locale\" content=\"es_ES\" \/>\n<meta property=\"og:type\" content=\"article\" \/>\n<meta property=\"og:title\" content=\"La Asamblea General de EMPOWER en Vilna destaca los avances hacia una industria fotovoltaica europea m\u00e1s resiliente - Leitat Technological Center\" \/>\n<meta property=\"og:description\" content=\"Los d\u00edas 27 y 28 de mayo de 2026 tuvo lugar en Vilna, Lituania, la tercera Asamblea General del proyecto EMPOWER, que reuni\u00f3 a los socios del consorcio para revisar los avances, definir los pr\u00f3ximos pasos y reforzar una visi\u00f3n compartida para una cadena de valor fotovoltaica (PV) europea m\u00e1s competitiva y resiliente. En representaci\u00f3n [&hellip;]\" \/>\n<meta property=\"og:url\" content=\"https:\/\/leitat.org\/es\/blog\/la-asamblea-general-de-empower-en-vilna-destaca-los-avances-hacia-una-industria-fotovoltaica-europea-mas-resiliente\/\" \/>\n<meta property=\"og:site_name\" content=\"Leitat Technological Center\" \/>\n<meta property=\"article:published_time\" content=\"2026-09-02T11:03:40+00:00\" \/>\n<meta property=\"article:modified_time\" content=\"2026-09-02T11:13:51+00:00\" \/>\n<meta property=\"og:image\" content=\"https:\/\/leitat.org\/wp-content\/uploads\/2026\/09\/empower_Bastian-Carlos-Hualp.jpg\" \/>\n\t<meta property=\"og:image:width\" content=\"800\" \/>\n\t<meta property=\"og:image:height\" content=\"533\" \/>\n\t<meta property=\"og:image:type\" content=\"image\/jpeg\" \/>\n<meta name=\"author\" content=\"Dissemination Manager\" \/>\n<meta name=\"twitter:card\" content=\"summary_large_image\" \/>\n<meta name=\"twitter:label1\" content=\"Escrito por\" \/>\n\t<meta name=\"twitter:data1\" content=\"Dissemination Manager\" \/>\n\t<meta name=\"twitter:label2\" content=\"Tiempo de lectura\" \/>\n\t<meta name=\"twitter:data2\" content=\"2 minutos\" \/>\n<script type=\"application\/ld+json\" class=\"yoast-schema-graph\">{\"@context\":\"https:\\\/\\\/schema.org\",\"@graph\":[{\"@type\":\"Article\",\"@id\":\"https:\\\/\\\/leitat.org\\\/es\\\/blog\\\/la-asamblea-general-de-empower-en-vilna-destaca-los-avances-hacia-una-industria-fotovoltaica-europea-mas-resiliente\\\/#article\",\"isPartOf\":{\"@id\":\"https:\\\/\\\/leitat.org\\\/es\\\/blog\\\/la-asamblea-general-de-empower-en-vilna-destaca-los-avances-hacia-una-industria-fotovoltaica-europea-mas-resiliente\\\/\"},\"author\":{\"name\":\"Dissemination Manager\",\"@id\":\"https:\\\/\\\/leitat.org\\\/es\\\/#\\\/schema\\\/person\\\/00bc0fc5cc4e098e7d903185a43a9ca2\"},\"headline\":\"La Asamblea General de EMPOWER en Vilna destaca los avances hacia una industria fotovoltaica europea m\u00e1s resiliente\",\"datePublished\":\"2026-09-02T11:03:40+00:00\",\"dateModified\":\"2026-09-02T11:13:51+00:00\",\"mainEntityOfPage\":{\"@id\":\"https:\\\/\\\/leitat.org\\\/es\\\/blog\\\/la-asamblea-general-de-empower-en-vilna-destaca-los-avances-hacia-una-industria-fotovoltaica-europea-mas-resiliente\\\/\"},\"wordCount\":465,\"publisher\":{\"@id\":\"https:\\\/\\\/leitat.org\\\/es\\\/#organization\"},\"image\":{\"@id\":\"https:\\\/\\\/leitat.org\\\/es\\\/blog\\\/la-asamblea-general-de-empower-en-vilna-destaca-los-avances-hacia-una-industria-fotovoltaica-europea-mas-resiliente\\\/#primaryimage\"},\"thumbnailUrl\":\"https:\\\/\\\/leitat.org\\\/wp-content\\\/uploads\\\/2026\\\/09\\\/empower_Bastian-Carlos-Hualp.jpg\",\"keywords\":[\"Noticias Blog\"],\"articleSection\":[\"Energy transition and decarbonization\",\"Horizon Europe\"],\"inLanguage\":\"es\"},{\"@type\":[\"WebPage\",\"ItemPage\"],\"@id\":\"https:\\\/\\\/leitat.org\\\/es\\\/blog\\\/la-asamblea-general-de-empower-en-vilna-destaca-los-avances-hacia-una-industria-fotovoltaica-europea-mas-resiliente\\\/\",\"url\":\"https:\\\/\\\/leitat.org\\\/es\\\/blog\\\/la-asamblea-general-de-empower-en-vilna-destaca-los-avances-hacia-una-industria-fotovoltaica-europea-mas-resiliente\\\/\",\"name\":\"La Asamblea General de EMPOWER en Vilna destaca los avances hacia una industria fotovoltaica europea m\u00e1s resiliente - Leitat Technological Center\",\"isPartOf\":{\"@id\":\"https:\\\/\\\/leitat.org\\\/es\\\/#website\"},\"primaryImageOfPage\":{\"@id\":\"https:\\\/\\\/leitat.org\\\/es\\\/blog\\\/la-asamblea-general-de-empower-en-vilna-destaca-los-avances-hacia-una-industria-fotovoltaica-europea-mas-resiliente\\\/#primaryimage\"},\"image\":{\"@id\":\"https:\\\/\\\/leitat.org\\\/es\\\/blog\\\/la-asamblea-general-de-empower-en-vilna-destaca-los-avances-hacia-una-industria-fotovoltaica-europea-mas-resiliente\\\/#primaryimage\"},\"thumbnailUrl\":\"https:\\\/\\\/leitat.org\\\/wp-content\\\/uploads\\\/2026\\\/09\\\/empower_Bastian-Carlos-Hualp.jpg\",\"datePublished\":\"2026-09-02T11:03:40+00:00\",\"dateModified\":\"2026-09-02T11:13:51+00:00\",\"breadcrumb\":{\"@id\":\"https:\\\/\\\/leitat.org\\\/es\\\/blog\\\/la-asamblea-general-de-empower-en-vilna-destaca-los-avances-hacia-una-industria-fotovoltaica-europea-mas-resiliente\\\/#breadcrumb\"},\"inLanguage\":\"es\",\"potentialAction\":[{\"@type\":\"ReadAction\",\"target\":[\"https:\\\/\\\/leitat.org\\\/es\\\/blog\\\/la-asamblea-general-de-empower-en-vilna-destaca-los-avances-hacia-una-industria-fotovoltaica-europea-mas-resiliente\\\/\"]}]},{\"@type\":\"ImageObject\",\"inLanguage\":\"es\",\"@id\":\"https:\\\/\\\/leitat.org\\\/es\\\/blog\\\/la-asamblea-general-de-empower-en-vilna-destaca-los-avances-hacia-una-industria-fotovoltaica-europea-mas-resiliente\\\/#primaryimage\",\"url\":\"https:\\\/\\\/leitat.org\\\/wp-content\\\/uploads\\\/2026\\\/09\\\/empower_Bastian-Carlos-Hualp.jpg\",\"contentUrl\":\"https:\\\/\\\/leitat.org\\\/wp-content\\\/uploads\\\/2026\\\/09\\\/empower_Bastian-Carlos-Hualp.jpg\",\"width\":800,\"height\":533},{\"@type\":\"BreadcrumbList\",\"@id\":\"https:\\\/\\\/leitat.org\\\/es\\\/blog\\\/la-asamblea-general-de-empower-en-vilna-destaca-los-avances-hacia-una-industria-fotovoltaica-europea-mas-resiliente\\\/#breadcrumb\",\"itemListElement\":[{\"@type\":\"ListItem\",\"position\":1,\"name\":\"Inicio\",\"item\":\"https:\\\/\\\/leitat.org\\\/es\\\/\"},{\"@type\":\"ListItem\",\"position\":2,\"name\":\"Energy transition and decarbonization\",\"item\":\"https:\\\/\\\/leitat.org\\\/es\\\/blog\\\/category\\\/energy-transition-and-decarbonization\\\/\"},{\"@type\":\"ListItem\",\"position\":3,\"name\":\"La Asamblea General de EMPOWER en Vilna destaca los avances hacia una industria fotovoltaica europea m\u00e1s resiliente\"}]},{\"@type\":\"WebSite\",\"@id\":\"https:\\\/\\\/leitat.org\\\/es\\\/#website\",\"url\":\"https:\\\/\\\/leitat.org\\\/es\\\/\",\"name\":\"Leitat Technological Center\",\"description\":\"Managing Technologies\",\"publisher\":{\"@id\":\"https:\\\/\\\/leitat.org\\\/es\\\/#organization\"},\"potentialAction\":[{\"@type\":\"SearchAction\",\"target\":{\"@type\":\"EntryPoint\",\"urlTemplate\":\"https:\\\/\\\/leitat.org\\\/es\\\/?s={search_term_string}\"},\"query-input\":{\"@type\":\"PropertyValueSpecification\",\"valueRequired\":true,\"valueName\":\"search_term_string\"}}],\"inLanguage\":\"es\"},{\"@type\":\"Organization\",\"@id\":\"https:\\\/\\\/leitat.org\\\/es\\\/#organization\",\"name\":\"Leitat Technological Center\",\"url\":\"https:\\\/\\\/leitat.org\\\/es\\\/\",\"logo\":{\"@type\":\"ImageObject\",\"inLanguage\":\"es\",\"@id\":\"https:\\\/\\\/leitat.org\\\/es\\\/#\\\/schema\\\/logo\\\/image\\\/\",\"url\":\"https:\\\/\\\/leitat.org\\\/wp-content\\\/uploads\\\/2024\\\/10\\\/logo-leitat.svg\",\"contentUrl\":\"https:\\\/\\\/leitat.org\\\/wp-content\\\/uploads\\\/2024\\\/10\\\/logo-leitat.svg\",\"width\":226,\"height\":78,\"caption\":\"Leitat Technological Center\"},\"image\":{\"@id\":\"https:\\\/\\\/leitat.org\\\/es\\\/#\\\/schema\\\/logo\\\/image\\\/\"}},{\"@type\":\"Person\",\"@id\":\"https:\\\/\\\/leitat.org\\\/es\\\/#\\\/schema\\\/person\\\/00bc0fc5cc4e098e7d903185a43a9ca2\",\"name\":\"Dissemination Manager\",\"image\":{\"@type\":\"ImageObject\",\"inLanguage\":\"es\",\"@id\":\"https:\\\/\\\/secure.gravatar.com\\\/avatar\\\/27a953619ddefc600b35a23a2d9ef2e36fdefa6d9e76db6809a834bcd5a811ea?s=96&d=mm&r=g\",\"url\":\"https:\\\/\\\/secure.gravatar.com\\\/avatar\\\/27a953619ddefc600b35a23a2d9ef2e36fdefa6d9e76db6809a834bcd5a811ea?s=96&d=mm&r=g\",\"contentUrl\":\"https:\\\/\\\/secure.gravatar.com\\\/avatar\\\/27a953619ddefc600b35a23a2d9ef2e36fdefa6d9e76db6809a834bcd5a811ea?s=96&d=mm&r=g\",\"caption\":\"Dissemination Manager\"},\"sameAs\":[\"https:\\\/\\\/leitat.org\"],\"url\":\"https:\\\/\\\/leitat.org\\\/es\\\/blog\\\/author\\\/editor-wp\\\/\"}]}<\/script>\n<!-- \/ Yoast SEO plugin. -->","yoast_head_json":{"title":"La Asamblea General de EMPOWER en Vilna destaca los avances hacia una industria fotovoltaica europea m\u00e1s resiliente - Leitat Technological Center","robots":{"index":"index","follow":"follow","max-snippet":"max-snippet:-1","max-image-preview":"max-image-preview:large","max-video-preview":"max-video-preview:-1"},"canonical":"https:\/\/leitat.org\/es\/blog\/la-asamblea-general-de-empower-en-vilna-destaca-los-avances-hacia-una-industria-fotovoltaica-europea-mas-resiliente\/","og_locale":"es_ES","og_type":"article","og_title":"La Asamblea General de EMPOWER en Vilna destaca los avances hacia una industria fotovoltaica europea m\u00e1s resiliente - Leitat Technological Center","og_description":"Los d\u00edas 27 y 28 de mayo de 2026 tuvo lugar en Vilna, Lituania, la tercera Asamblea General del proyecto EMPOWER, que reuni\u00f3 a los socios del consorcio para revisar los avances, definir los pr\u00f3ximos pasos y reforzar una visi\u00f3n compartida para una cadena de valor fotovoltaica (PV) europea m\u00e1s competitiva y resiliente. En representaci\u00f3n [&hellip;]","og_url":"https:\/\/leitat.org\/es\/blog\/la-asamblea-general-de-empower-en-vilna-destaca-los-avances-hacia-una-industria-fotovoltaica-europea-mas-resiliente\/","og_site_name":"Leitat Technological Center","article_published_time":"2026-09-02T11:03:40+00:00","article_modified_time":"2026-09-02T11:13:51+00:00","og_image":[{"width":800,"height":533,"url":"https:\/\/leitat.org\/wp-content\/uploads\/2026\/09\/empower_Bastian-Carlos-Hualp.jpg","type":"image\/jpeg"}],"author":"Dissemination Manager","twitter_card":"summary_large_image","twitter_misc":{"Escrito por":"Dissemination Manager","Tiempo de lectura":"2 minutos"},"schema":{"@context":"https:\/\/schema.org","@graph":[{"@type":"Article","@id":"https:\/\/leitat.org\/es\/blog\/la-asamblea-general-de-empower-en-vilna-destaca-los-avances-hacia-una-industria-fotovoltaica-europea-mas-resiliente\/#article","isPartOf":{"@id":"https:\/\/leitat.org\/es\/blog\/la-asamblea-general-de-empower-en-vilna-destaca-los-avances-hacia-una-industria-fotovoltaica-europea-mas-resiliente\/"},"author":{"name":"Dissemination Manager","@id":"https:\/\/leitat.org\/es\/#\/schema\/person\/00bc0fc5cc4e098e7d903185a43a9ca2"},"headline":"La Asamblea General de EMPOWER en Vilna destaca los avances hacia una industria fotovoltaica europea m\u00e1s resiliente","datePublished":"2026-09-02T11:03:40+00:00","dateModified":"2026-09-02T11:13:51+00:00","mainEntityOfPage":{"@id":"https:\/\/leitat.org\/es\/blog\/la-asamblea-general-de-empower-en-vilna-destaca-los-avances-hacia-una-industria-fotovoltaica-europea-mas-resiliente\/"},"wordCount":465,"publisher":{"@id":"https:\/\/leitat.org\/es\/#organization"},"image":{"@id":"https:\/\/leitat.org\/es\/blog\/la-asamblea-general-de-empower-en-vilna-destaca-los-avances-hacia-una-industria-fotovoltaica-europea-mas-resiliente\/#primaryimage"},"thumbnailUrl":"https:\/\/leitat.org\/wp-content\/uploads\/2026\/09\/empower_Bastian-Carlos-Hualp.jpg","keywords":["Noticias Blog"],"articleSection":["Energy transition and decarbonization","Horizon Europe"],"inLanguage":"es"},{"@type":["WebPage","ItemPage"],"@id":"https:\/\/leitat.org\/es\/blog\/la-asamblea-general-de-empower-en-vilna-destaca-los-avances-hacia-una-industria-fotovoltaica-europea-mas-resiliente\/","url":"https:\/\/leitat.org\/es\/blog\/la-asamblea-general-de-empower-en-vilna-destaca-los-avances-hacia-una-industria-fotovoltaica-europea-mas-resiliente\/","name":"La Asamblea General de EMPOWER en Vilna destaca los avances hacia una industria fotovoltaica europea m\u00e1s resiliente - Leitat Technological Center","isPartOf":{"@id":"https:\/\/leitat.org\/es\/#website"},"primaryImageOfPage":{"@id":"https:\/\/leitat.org\/es\/blog\/la-asamblea-general-de-empower-en-vilna-destaca-los-avances-hacia-una-industria-fotovoltaica-europea-mas-resiliente\/#primaryimage"},"image":{"@id":"https:\/\/leitat.org\/es\/blog\/la-asamblea-general-de-empower-en-vilna-destaca-los-avances-hacia-una-industria-fotovoltaica-europea-mas-resiliente\/#primaryimage"},"thumbnailUrl":"https:\/\/leitat.org\/wp-content\/uploads\/2026\/09\/empower_Bastian-Carlos-Hualp.jpg","datePublished":"2026-09-02T11:03:40+00:00","dateModified":"2026-09-02T11:13:51+00:00","breadcrumb":{"@id":"https:\/\/leitat.org\/es\/blog\/la-asamblea-general-de-empower-en-vilna-destaca-los-avances-hacia-una-industria-fotovoltaica-europea-mas-resiliente\/#breadcrumb"},"inLanguage":"es","potentialAction":[{"@type":"ReadAction","target":["https:\/\/leitat.org\/es\/blog\/la-asamblea-general-de-empower-en-vilna-destaca-los-avances-hacia-una-industria-fotovoltaica-europea-mas-resiliente\/"]}]},{"@type":"ImageObject","inLanguage":"es","@id":"https:\/\/leitat.org\/es\/blog\/la-asamblea-general-de-empower-en-vilna-destaca-los-avances-hacia-una-industria-fotovoltaica-europea-mas-resiliente\/#primaryimage","url":"https:\/\/leitat.org\/wp-content\/uploads\/2026\/09\/empower_Bastian-Carlos-Hualp.jpg","contentUrl":"https:\/\/leitat.org\/wp-content\/uploads\/2026\/09\/empower_Bastian-Carlos-Hualp.jpg","width":800,"height":533},{"@type":"BreadcrumbList","@id":"https:\/\/leitat.org\/es\/blog\/la-asamblea-general-de-empower-en-vilna-destaca-los-avances-hacia-una-industria-fotovoltaica-europea-mas-resiliente\/#breadcrumb","itemListElement":[{"@type":"ListItem","position":1,"name":"Inicio","item":"https:\/\/leitat.org\/es\/"},{"@type":"ListItem","position":2,"name":"Energy transition and decarbonization","item":"https:\/\/leitat.org\/es\/blog\/category\/energy-transition-and-decarbonization\/"},{"@type":"ListItem","position":3,"name":"La Asamblea General de EMPOWER en Vilna destaca los avances hacia una industria fotovoltaica europea m\u00e1s resiliente"}]},{"@type":"WebSite","@id":"https:\/\/leitat.org\/es\/#website","url":"https:\/\/leitat.org\/es\/","name":"Leitat Technological Center","description":"Managing Technologies","publisher":{"@id":"https:\/\/leitat.org\/es\/#organization"},"potentialAction":[{"@type":"SearchAction","target":{"@type":"EntryPoint","urlTemplate":"https:\/\/leitat.org\/es\/?s={search_term_string}"},"query-input":{"@type":"PropertyValueSpecification","valueRequired":true,"valueName":"search_term_string"}}],"inLanguage":"es"},{"@type":"Organization","@id":"https:\/\/leitat.org\/es\/#organization","name":"Leitat Technological Center","url":"https:\/\/leitat.org\/es\/","logo":{"@type":"ImageObject","inLanguage":"es","@id":"https:\/\/leitat.org\/es\/#\/schema\/logo\/image\/","url":"https:\/\/leitat.org\/wp-content\/uploads\/2024\/10\/logo-leitat.svg","contentUrl":"https:\/\/leitat.org\/wp-content\/uploads\/2024\/10\/logo-leitat.svg","width":226,"height":78,"caption":"Leitat Technological Center"},"image":{"@id":"https:\/\/leitat.org\/es\/#\/schema\/logo\/image\/"}},{"@type":"Person","@id":"https:\/\/leitat.org\/es\/#\/schema\/person\/00bc0fc5cc4e098e7d903185a43a9ca2","name":"Dissemination Manager","image":{"@type":"ImageObject","inLanguage":"es","@id":"https:\/\/secure.gravatar.com\/avatar\/27a953619ddefc600b35a23a2d9ef2e36fdefa6d9e76db6809a834bcd5a811ea?s=96&d=mm&r=g","url":"https:\/\/secure.gravatar.com\/avatar\/27a953619ddefc600b35a23a2d9ef2e36fdefa6d9e76db6809a834bcd5a811ea?s=96&d=mm&r=g","contentUrl":"https:\/\/secure.gravatar.com\/avatar\/27a953619ddefc600b35a23a2d9ef2e36fdefa6d9e76db6809a834bcd5a811ea?s=96&d=mm&r=g","caption":"Dissemination Manager"},"sameAs":["https:\/\/leitat.org"],"url":"https:\/\/leitat.org\/es\/blog\/author\/editor-wp\/"}]}},"_links":{"self":[{"href":"https:\/\/leitat.org\/es\/wp-json\/wp\/v2\/posts\/88783","targetHints":{"allow":["GET"]}}],"collection":[{"href":"https:\/\/leitat.org\/es\/wp-json\/wp\/v2\/posts"}],"about":[{"href":"https:\/\/leitat.org\/es\/wp-json\/wp\/v2\/types\/post"}],"author":[{"embeddable":true,"href":"https:\/\/leitat.org\/es\/wp-json\/wp\/v2\/users\/4"}],"replies":[{"embeddable":true,"href":"https:\/\/leitat.org\/es\/wp-json\/wp\/v2\/comments?post=88783"}],"version-history":[{"count":4,"href":"https:\/\/leitat.org\/es\/wp-json\/wp\/v2\/posts\/88783\/revisions"}],"predecessor-version":[{"id":88788,"href":"https:\/\/leitat.org\/es\/wp-json\/wp\/v2\/posts\/88783\/revisions\/88788"}],"wp:featuredmedia":[{"embeddable":true,"href":"https:\/\/leitat.org\/es\/wp-json\/wp\/v2\/media\/88774"}],"wp:attachment":[{"href":"https:\/\/leitat.org\/es\/wp-json\/wp\/v2\/media?parent=88783"}],"wp:term":[{"taxonomy":"category","embeddable":true,"href":"https:\/\/leitat.org\/es\/wp-json\/wp\/v2\/categories?post=88783"},{"taxonomy":"post_tag","embeddable":true,"href":"https:\/\/leitat.org\/es\/wp-json\/wp\/v2\/tags?post=88783"}],"curies":[{"name":"wp","href":"https:\/\/api.w.org\/{rel}","templated":true}]}}